{"id":31261,"date":"2024-07-17T13:59:09","date_gmt":"2024-07-17T17:59:09","guid":{"rendered":"https:\/\/racquetballcanada.ca\/?p=31261"},"modified":"2024-07-17T13:59:10","modified_gmt":"2024-07-17T17:59:10","slug":"les-meilleurs-athletes-canadiens-nommes-membres-des-equipes-nationales-de-racquetball-canada","status":"publish","type":"post","link":"https:\/\/racquetballcanada.ca\/fr\/les-meilleurs-athletes-canadiens-nommes-membres-des-equipes-nationales-de-racquetball-canada\/","title":{"rendered":"Les meilleurs athl\u00e8tes canadiens nomm\u00e9s membres des \u00e9quipes nationales de Racquetball Canada"},"content":{"rendered":"\n<p class=\"wp-block-paragraph\"><strong>WINNIPEG<\/strong>&nbsp;(17 juillet 2024) &#8211; Racquetball Canada est heureuse d&rsquo;annoncer la s\u00e9lection des athl\u00e8tes de ses \u00e9quipes nationales pour la prochaine saison. Ces athl\u00e8tes ont m\u00e9rit\u00e9 leur place au sein des \u00e9quipes d&rsquo;\u00e9lite et de d\u00e9veloppement gr\u00e2ce \u00e0 leurs performances lors des r\u00e9cents Championnats canadiens et des deux \u00e9preuves de s\u00e9lection de l&rsquo;\u00e9quipe nationale qui ont eu lieu plus t\u00f4t cette ann\u00e9e.<\/p>\n\n\n\n<p class=\"wp-block-paragraph\">\u00ab\u00a0Racquetball Canada est fi\u00e8re d&rsquo;appuyer nos athl\u00e8tes des \u00e9quipes d&rsquo;\u00e9lite et de d\u00e9veloppement dans leur poursuite de la haute performance en racquetball\u00a0\u00bb, a d\u00e9clar\u00e9 Jennifer Saunders, directrice de la haute performance de Racquetball Canada, qui poursuit : \u00ab\u00a0Les athl\u00e8tes sont la force de notre programme, et ils sont soutenus par nos excellents entra\u00eeneurs et notre personnel. Nous avons h\u00e2te de les soutenir dans leurs efforts, aussi bien au racquetball, qu&rsquo;\u00e0 l&rsquo;\u00e9cole et dans leur vie de tous les jours,et ce, tout au long de la saison 2024-25.\u00a0\u00bb<\/p>\n\n\n\n<p class=\"wp-block-paragraph\">Les \u00e9quipes de Racquetball Canada semblent solides pour la prochaine saison, alors que seulement des changements minimes ont \u00e9t\u00e9 apport\u00e9s aux \u00e9quipes d&rsquo;\u00e9lite f\u00e9minine et masculine. Les nouveaux membres de l&rsquo;\u00e9quipe de d\u00e9veloppement acquerront une exp\u00e9rience inestimable, et nombre d&rsquo;entre eux sont \u00e9galement admissibles \u00e0 repr\u00e9senter le Canada aux Championnats du monde juniors.<\/p>\n\n\n\n<p class=\"wp-block-paragraph\">Les \u00e9quipes entameront leur saison d&rsquo;entra\u00eenement lors d&rsquo;un stage d&rsquo;entra\u00eenement de l&rsquo;\u00e9quipe nationale qui se tiendra du 19 au 21 juillet \u00e0 Saskatoon. La saison de comp\u00e9tition d\u00e9butera par les Championnats du monde pr\u00e9vus du 24 au 31 ao\u00fbt \u00e0 San Antonio, aux \u00c9tats-Unis.<\/p>\n\n\n\n<p class=\"wp-block-paragraph\">Pour plus de d\u00e9tails sur chaque athl\u00e8te, y compris leurs faits saillants en comp\u00e9tition, veuillez consulter les biographies des athl\u00e8tes accessibles par les liens sur leurs noms.<\/p>\n\n\n\n<p class=\"wp-block-paragraph\"><strong>\u00c9quipe d&rsquo;\u00e9lite f\u00e9minine<\/strong><\/p>\n\n\n\n<figure class=\"wp-block-table\"><table class=\"has-fixed-layout\"><tbody><tr><th>Athl\u00e8te<\/th><th>Ville<\/th><\/tr><tr><td><a rel=\"noreferrer noopener\" target=\"_blank\" href=\"https:\/\/racquetballcanada.ca\/fr\/?p=1773\">Fr\u00e9d\u00e9rique Lambert<\/a><\/td><td>Montr\u00e9al, QC<\/td><\/tr><tr><td><a rel=\"noreferrer noopener\" target=\"_blank\" href=\"https:\/\/racquetballcanada.ca\/fr\/?p=1763\">Juliette Parent<\/a><\/td><td>Saint-Jacques, QC<\/td><\/tr><tr><td><a rel=\"noreferrer noopener\" target=\"_blank\" href=\"https:\/\/racquetballcanada.ca\/fr\/?p=1771\">Christine Keay<\/a><\/td><td>New Westminster, BC<\/td><\/tr><tr><td><a rel=\"noreferrer noopener\" target=\"_blank\" href=\"https:\/\/racquetballcanada.ca\/fr\/?p=1769\">Danielle Ramsay<\/a><\/td><td>Saskatoon, SK<\/td><\/tr><tr><td><a rel=\"noreferrer noopener\" target=\"_blank\" href=\"https:\/\/racquetballcanada.ca\/fr\/?p=1767\">Mich\u00e8le Morissette<\/a><\/td><td>Baie-Comeau, QC<\/td><\/tr><tr><td><a rel=\"noreferrer noopener\" target=\"_blank\" href=\"https:\/\/racquetballcanada.ca\/fr\/?p=1762\">Marjolaine Parent<\/a><\/td><td>Saint-Jacques, QC<\/td><\/tr><\/tbody><\/table><\/figure>\n\n\n\n<p class=\"wp-block-paragraph\"><strong>\u00c9quipe d&rsquo;\u00e9lite masculin<\/strong><\/p>\n\n\n\n<figure class=\"wp-block-table\"><table class=\"has-fixed-layout\"><tbody><tr><th>Athl\u00e8te<\/th><th>Ville<\/th><\/tr><tr><td><a rel=\"noreferrer noopener\" target=\"_blank\" href=\"https:\/\/racquetballcanada.ca\/fr\/?p=1774\">Samuel Murray<\/a><\/td><td>Baie-Comeau, QC<\/td><\/tr><tr><td><a rel=\"noreferrer noopener\" target=\"_blank\" href=\"https:\/\/racquetballcanada.ca\/fr\/?p=1781\">Coby Iwaasa<\/a><\/td><td>Lethbridge, AB<\/td><\/tr><tr><td><a rel=\"noreferrer noopener\" target=\"_blank\" href=\"https:\/\/racquetballcanada.ca\/fr\/?p=14020\">Kurtis Cullen<\/a><\/td><td>Brandon, MB<\/td><\/tr><tr><td><a rel=\"noreferrer noopener\" target=\"_blank\" href=\"https:\/\/racquetballcanada.ca\/fr\/?p=1758\">Trevor Webb<\/a><\/td><td>Kitchener, ON<\/td><\/tr><tr><td><a rel=\"noreferrer noopener\" target=\"_blank\" href=\"https:\/\/racquetballcanada.ca\/fr\/?p=1782\">Lee Connell<\/a><\/td><td>Saskatoon, SK<\/td><\/tr><tr><td><a rel=\"noreferrer noopener\" target=\"_blank\" href=\"https:\/\/racquetballcanada.ca\/fr\/?p=17025\">Nathan Jauvin<\/a><\/td><td>Terrebonne, QC<\/td><\/tr><\/tbody><\/table><\/figure>\n\n\n\n<p class=\"wp-block-paragraph\"><strong>\u00c9quipe de d\u00e9veloppement f\u00e9minine<\/strong><\/p>\n\n\n\n<figure class=\"wp-block-table\"><table class=\"has-fixed-layout\"><tbody><tr><th>Athl\u00e8te<\/th><th>Ville<\/th><\/tr><tr><td><a rel=\"noreferrer noopener\" target=\"_blank\" href=\"https:\/\/racquetballcanada.ca\/fr\/?p=14203\">Chlo\u00e9 Jauvin<\/a><\/td><td>Terrebonne, QC<\/td><\/tr><tr><td><a rel=\"noreferrer noopener\" target=\"_blank\" href=\"https:\/\/racquetballcanada.ca\/fr\/?p=16989\">Ofelia Wilscam<\/a><\/td><td>Repentigny, QC<\/td><\/tr><tr><td><a rel=\"noreferrer noopener\" target=\"_blank\" href=\"https:\/\/racquetballcanada.ca\/fr\/?p=31139\">Lahni Buller<\/a><\/td><td>Grande Prairie, AB<\/td><\/tr><tr><td><a rel=\"noreferrer noopener\" target=\"_blank\" href=\"https:\/\/racquetballcanada.ca\/fr\/?p=17197\">Alaya Builer<\/a><\/td><td>Grande Prairie, AB<\/td><\/tr><\/tbody><\/table><\/figure>\n\n\n\n<p class=\"wp-block-paragraph\"><strong>\u00c9quipe de d\u00e9veloppement masculin<\/strong><\/p>\n\n\n\n<figure class=\"wp-block-table\"><table class=\"has-fixed-layout\"><tbody><tr><th><strong>Athl\u00e8te<\/strong><\/th><th><strong>Ville<\/strong><\/th><\/tr><tr><td><a rel=\"noreferrer noopener\" target=\"_blank\" href=\"https:\/\/racquetballcanada.ca\/fr\/?p=17039\">Christian Pocsai<\/a><\/td><td>New Hamburg, ON<\/td><\/tr><tr><td><a rel=\"noreferrer noopener\" target=\"_blank\" href=\"https:\/\/racquetballcanada.ca\/fr\/?p=20404\">Leyton Gouldie<\/a><\/td><td>Brandon, MB<\/td><\/tr><tr><td><a rel=\"noreferrer noopener\" target=\"_blank\" href=\"https:\/\/racquetballcanada.ca\/fr\/?p=31200\">Asher Pocsai<\/a><\/td><td>New Hamburg, ON<\/td><\/tr><tr><td><a rel=\"noreferrer noopener\" target=\"_blank\" href=\"https:\/\/racquetballcanada.ca\/fr\/?p=1757\">Michael Leduc<\/a><\/td><td>Baie-Comeau, QC<\/td><\/tr><tr><td><a rel=\"noreferrer noopener\" target=\"_blank\" href=\"https:\/\/racquetballcanada.ca\/fr\/?p=31217\">Devin Halko<\/a><\/td><td>Edmonton, AB<\/td><\/tr><\/tbody><\/table><\/figure>\n","protected":false},"excerpt":{"rendered":"<p>WINNIPEG&nbsp;(17 juillet 2024) &#8211; Racquetball Canada est heureuse d&rsquo;annoncer la s\u00e9lection des athl\u00e8tes de ses \u00e9quipes nationales pour la prochaine saison. Ces athl\u00e8tes ont m\u00e9rit\u00e9 leur place au sein des \u00e9quipes d&rsquo;\u00e9lite et de d\u00e9veloppement gr\u00e2ce \u00e0 leurs performances lors des r\u00e9cents Championnats canadiens et des deux \u00e9preuves de s\u00e9lection de l&rsquo;\u00e9quipe nationale qui ont [&hellip;]<\/p>\n","protected":false},"author":9,"featured_media":31262,"comment_status":"closed","ping_status":"closed","sticky":true,"template":"","format":"standard","meta":{"_acf_changed":false,"footnotes":""},"categories":[3],"tags":[],"class_list":["post-31261","post","type-post","status-publish","format-standard","has-post-thumbnail","hentry","category-non-classifiee"],"acf":[],"_links":{"self":[{"href":"https:\/\/racquetballcanada.ca\/fr\/wp-json\/wp\/v2\/posts\/31261","targetHints":{"allow":["GET"]}}],"collection":[{"href":"https:\/\/racquetballcanada.ca\/fr\/wp-json\/wp\/v2\/posts"}],"about":[{"href":"https:\/\/racquetballcanada.ca\/fr\/wp-json\/wp\/v2\/types\/post"}],"author":[{"embeddable":true,"href":"https:\/\/racquetballcanada.ca\/fr\/wp-json\/wp\/v2\/users\/9"}],"replies":[{"embeddable":true,"href":"https:\/\/racquetballcanada.ca\/fr\/wp-json\/wp\/v2\/comments?post=31261"}],"version-history":[{"count":3,"href":"https:\/\/racquetballcanada.ca\/fr\/wp-json\/wp\/v2\/posts\/31261\/revisions"}],"predecessor-version":[{"id":31266,"href":"https:\/\/racquetballcanada.ca\/fr\/wp-json\/wp\/v2\/posts\/31261\/revisions\/31266"}],"wp:featuredmedia":[{"embeddable":true,"href":"https:\/\/racquetballcanada.ca\/fr\/wp-json\/wp\/v2\/media\/31262"}],"wp:attachment":[{"href":"https:\/\/racquetballcanada.ca\/fr\/wp-json\/wp\/v2\/media?parent=31261"}],"wp:term":[{"taxonomy":"category","embeddable":true,"href":"https:\/\/racquetballcanada.ca\/fr\/wp-json\/wp\/v2\/categories?post=31261"},{"taxonomy":"post_tag","embeddable":true,"href":"https:\/\/racquetballcanada.ca\/fr\/wp-json\/wp\/v2\/tags?post=31261"}],"curies":[{"name":"wp","href":"https:\/\/api.w.org\/{rel}","templated":true}]}}